{"id":3058,"date":"2019-10-19T12:41:39","date_gmt":"2019-10-19T12:41:39","guid":{"rendered":"https:\/\/www.pensiune-laura.ro\/?p=3058"},"modified":"2019-10-20T08:51:46","modified_gmt":"2019-10-20T08:51:46","slug":"anul-nou-pentru-credinciosii-ortodocsi-de-rit-vechi-obiceiuri-si-traditii-de-revelion","status":"publish","type":"post","link":"https:\/\/www.pensiune-laura.ro\/en_us\/anul-nou-pentru-credinciosii-ortodocsi-de-rit-vechi-obiceiuri-si-traditii-de-revelion\/","title":{"rendered":"Anul Nou pentru credincio\u0219ii ortodoc\u0219i de rit vechi. Obiceiuri \u0219i tradi\u021bii de Revelion"},"content":{"rendered":"<p style=\"text-align: center;\"><a href=\"https:\/\/www.pensiune-laura.ro\/wp-content\/uploads\/2019\/10\/123-1.jpg\"><img loading=\"lazy\" src=\"https:\/\/www.pensiune-laura.ro\/wp-content\/uploads\/2019\/10\/123-1.jpg\" alt=\"\" width=\"494\" height=\"700\" class=\"alignnone size-full wp-image-3061\" srcset=\"https:\/\/www.pensiune-laura.ro\/wp-content\/uploads\/2019\/10\/123-1.jpg 494w, https:\/\/www.pensiune-laura.ro\/wp-content\/uploads\/2019\/10\/123-1-212x300.jpg 212w\" sizes=\"(max-width: 494px) 100vw, 494px\" \/><\/a><\/p>\n<p style=\"text-align: left;\">La dou\u0103 s\u0103pt\u0103m\u00e2ni dup\u0103 petrecerile \u201eoficiale\u201d de Revelion, urmeaz\u0103 aceea\u015fi s\u0103rb\u0103toare pentru ortodoc\u015fii de rit vechi. Ei vor celebra trecerea \u00een noul an \u00een noaptea din 13 spre 14 ianuarie. Aceast\u0103 s\u0103rb\u0103toare este comemorat\u0103 de credincio\u015fii cre\u015ftini de rit vechi, care fac parte din biserici ortodoxe care nu au preluat calendarul iulian \u00eendreptat precum \u015fi de cre\u015ftinii care nu au acceptat \u00eendreptarea calendarului de c\u0103tre bisericile din care f\u0103ceau parte. Pentru s\u00e2rbi, ucraineni, ru\u015fi \u015fi lipoveni, aceast\u0103 noapte \u00eenseamn\u0103 mese \u00eentinse p\u00e2n\u0103 la ziu\u0103, muzic\u0103 \u015fi mult\u0103 veselie.<\/p>\n<p>\u00cen noaptea de 13 spre 14 ianuarie, popoarele slave s\u0103rb\u0103toresc Anul Nou pe stil vechi sau ajunul Sf\u00e2ntului Vasile. \u00cen aceast\u0103 zi, gospodinele preg\u0103tesc masa de s\u0103rb\u0103toare \u015fi \u00eempart dulciuri, nuci \u015fi mere pentru ca \u00een anul care vine s\u0103 fie bel\u015fug \u00een cas\u0103. Anul Nou pe stil vechi \u00eentrune\u015fte tradi\u0163iile laice \u015fi cele cre\u015ftin-ortodoxe. Pe 13 ianuarie, dup\u0103 ce apune soarele, cete de tineri umbl\u0103 cu \u201ePlugu\u015forul\u201d. \u00cen popor, se spune c\u0103 gazda la care vin ur\u0103torii va fi binecuv\u00e2ntat\u0103 tot anul \u015fi va fi p\u0103zit\u0103 de cele rele.<\/p>\n<p>\u00cen satele din Republica Moldova obiceiurile de Anul Nou sunt p\u0103strate cu sfin\u0163enie. Cete de tineri colind\u0103 uli\u0163ele satului \u015fi pocnesc din bice. Ace\u015ftia ur\u0103 din cas\u0103 \u00een cas\u0103 cu tal\u0103ngi \u015fi buhaiuri pentru un an mai roditor \u015fi mai \u00eembel\u015fugat.<\/p>\n<p>Apoi, fl\u0103c\u0103ii \u00eencing \u015fi dansul c\u0103lu\u0163ilor, pentru ca gospod\u0103riile s\u0103 fie protejate \u00een anul care vine. Obiceiul de a ura \u00een prag de An Nou dateaz\u0103 din cele mai vechi timpuri. Tinerii colind\u0103 \u00een ultimele zile ale anului prin sat \u015fi fac urari pentru fertilitatea p\u0103m\u00e2ntului \u015fi bel\u015fugul gospod\u0103riei.<br \/>\nPotrivit tradi\u0163iei, fl\u0103c\u0103ii din comun\u0103, \u00eembr\u0103ca\u0163i \u00een haine tradi\u0163ionale \u015fi purt\u00e2nd m\u0103\u015fti care \u00eentruchipeaz\u0103 diferite figuri mitologice, c\u00e2nt\u0103 \u015fi danseaz\u0103 pentru a \u00eent\u00e2mpina noul an cu voie bun\u0103.<\/p>\n<p>Se p\u0103streaz\u0103 obiceiul de a se prepara unele m\u00e2nc\u0103ruri speciale pentru s\u0103rb\u0103tori: cl\u0103tite cu br\u00e2nz\u0103 \u015fi carne, v\u0103rz\u0103ri, cozonaci, c\u00e2rna\u0163i \u015fi sarmale.<br \/>\nDecalajul de 13 zile dintre s\u0103rb\u0103torile oficiale ale cre\u015ftinilor ortodoc\u015fi \u015fi ale celor de rit vechi a ap\u0103rut \u00een anul 1924, c\u00e2nd unii credincio\u015fi au refuzat s\u0103 adopte calendarul Gregorian, men\u0163in\u00e2ndu-l pe cel Iulian.<br \/>\n\u00cen Rom\u00e2nia tr\u0103iesc peste un milion de adep\u0163i ai Bisericii Cre\u015ftin-Ortodoxe de Stil Vechi, \u00eendeosebi ru\u015fi lipoveni \u015fi s\u00e2rbi. Potrivit recens\u0103m\u00e2ntului efectuat \u00een 2002, num\u0103rul ru\u015filor lipoveni este de 29.774, al ru\u015filor \u2013 de 8.914, al s\u00e2rbilor \u2013 22.518. Potrivit aceluia\u015fi recens\u0103m\u00e2nt efectuat \u00een 2002, \u00een Rom\u00e2nia tr\u0103iesc 1.780 de armeni.<\/p>\n<h4>Obiceiuri \u015fi tradi\u0163ii de Anul Nou pe stil vechi<\/h4>\n<p>O veche tradi\u0163ie \u00een comunit\u0103\u0163ile s\u00e2rbe\u015fti din Timi\u015foara spune c\u0103 cei care se las\u0103 acoperi\u0163i \u00eenainte de miezul nop\u0163ii de fustele \u0163ig\u0103ncilor vor avea noroc tot anul. Desigur, \u00een schimbul norocului pe un an, \u0163ig\u0103ncile solicit\u0103 r\u0103splata \u00een bani.<br \/>\nS\u00e2rbii din Banat obi\u015fnuiesc s\u0103 sparg\u0103 de podea paharele din care au b\u0103ut prima \u015fampanie \u00een noul an, ei fiind convin\u015fi c\u0103 astfel vor fi s\u0103n\u0103to\u015fi tot anul.<\/p>\n<p>Rusii din Gala\u0163i mai p\u0103streaz\u0103 \u00eenc\u0103 obiceiul unor m\u00e2nc\u0103ruri tradi\u0163ionale de s\u0103rb\u0103tori: un fel de cl\u0103tite cu br\u00e2nz\u0103 sau cu carne, varzari, piroste, g\u0103lu\u015fti din aluat, cu interior de carne tocat\u0103, fierte \u00een ap\u0103 cu sare. \u00cen rest, \u015fi rusoaicele \u00eenv\u00e2rtesc de s\u0103rb\u0103tori cozonac, c\u00e2rna\u0163i \u015fi sarmale.<\/p>\n<p>Diferen\u0163a \u00eentre cei care respect\u0103 s\u0103rb\u0103torile de rit vechi \u015fi cei care urmeaz\u0103 calendarul gregorian const\u0103 \u00een faptul c\u0103 s\u0103rb\u0103torile pe stil nou cu dat\u0103 fix\u0103 sunt celebrate cu 13 zile mai devreme. Singura s\u0103rb\u0103toare pe stil nou care respect\u0103 vechiul calendar iulian este Pa\u015ftele, \u00eens\u0103 de\u015fi are ca punct de reper data din calendarul iulian, aceasta se stabile\u015fte \u00een func\u0163ie de calendarul nou.<\/p>","protected":false},"excerpt":{"rendered":"<p>La dou\u0103 s\u0103pt\u0103m\u00e2ni dup\u0103 petrecerile \u201eoficiale\u201d de Revelion, urmeaz\u0103 aceea\u015fi s\u0103rb\u0103toare pentru ortodoc\u015fii de rit vechi. Ei vor celebra trecerea \u00een noul an \u00een noaptea din 13 spre 14 ianuarie. Aceast\u0103 s\u0103rb\u0103toare este comemorat\u0103 de credincio\u015fii cre\u015ftini de rit vechi, care fac parte din biserici ortodoxe care nu au preluat [&hellip;]<\/p>","protected":false},"author":5,"featured_media":3061,"comment_status":"closed","ping_status":"closed","sticky":false,"template":"","format":"standard","meta":[],"categories":[119],"tags":[],"_links":{"self":[{"href":"https:\/\/www.pensiune-laura.ro\/en_us\/wp-json\/wp\/v2\/posts\/3058"}],"collection":[{"href":"https:\/\/www.pensiune-laura.ro\/en_us\/wp-json\/wp\/v2\/posts"}],"about":[{"href":"https:\/\/www.pensiune-laura.ro\/en_us\/wp-json\/wp\/v2\/types\/post"}],"author":[{"embeddable":true,"href":"https:\/\/www.pensiune-laura.ro\/en_us\/wp-json\/wp\/v2\/users\/5"}],"replies":[{"embeddable":true,"href":"https:\/\/www.pensiune-laura.ro\/en_us\/wp-json\/wp\/v2\/comments?post=3058"}],"version-history":[{"count":3,"href":"https:\/\/www.pensiune-laura.ro\/en_us\/wp-json\/wp\/v2\/posts\/3058\/revisions"}],"predecessor-version":[{"id":3062,"href":"https:\/\/www.pensiune-laura.ro\/en_us\/wp-json\/wp\/v2\/posts\/3058\/revisions\/3062"}],"wp:featuredmedia":[{"embeddable":true,"href":"https:\/\/www.pensiune-laura.ro\/en_us\/wp-json\/wp\/v2\/media\/3061"}],"wp:attachment":[{"href":"https:\/\/www.pensiune-laura.ro\/en_us\/wp-json\/wp\/v2\/media?parent=3058"}],"wp:term":[{"taxonomy":"category","embeddable":true,"href":"https:\/\/www.pensiune-laura.ro\/en_us\/wp-json\/wp\/v2\/categories?post=3058"},{"taxonomy":"post_tag","embeddable":true,"href":"https:\/\/www.pensiune-laura.ro\/en_us\/wp-json\/wp\/v2\/tags?post=3058"}],"curies":[{"name":"wp","href":"https:\/\/api.w.org\/{rel}","templated":true}]}}